{"id":29265,"date":"2026-05-07T13:44:13","date_gmt":"2026-05-07T13:44:13","guid":{"rendered":"https:\/\/immigrationcur.org\/?p=29265"},"modified":"2026-05-07T13:50:31","modified_gmt":"2026-05-07T13:50:31","slug":"lanzamiento-del-sitio-web-y-portal-de-ribe-luga","status":"publish","type":"post","link":"https:\/\/immigrationcur.org\/es\/lanzamiento-del-sitio-web-y-portal-de-ribe-luga\/","title":{"rendered":"Lanzamiento del sitio web y portal de inscripci\u00f3n del programa Rib&#8217;e Lug\u00e1"},"content":{"rendered":"<h2><strong>Lanzamiento del sitio web y portal de inscripci\u00f3n del programa Rib&#8217;e Lug\u00e1<\/strong><\/h2>\n<p>&nbsp;<\/p>\n<p>Willemstad &#8211;\u00a0El Ministerio de Justicia, en colaboraci\u00f3n con el Ministerio de Desarrollo Social, Trabajo y Bienestar, informa que el sitio web y el portal integrado de inscripci\u00f3n del programa Rib\u2019e Lug\u00e1 fueron lanzados oficialmente el 1 de mayo de 2026.<\/p>\n<p>El programa Rib\u2019e Lug\u00e1 es una iniciativa temporal de registro y legalizaci\u00f3n. Ofrece a las personas indocumentadas en Cura\u00e7ao la oportunidad de solicitar un permiso de residencia temporal.<\/p>\n<p>Con esta iniciativa, el gobierno busca obtener una mejor visi\u00f3n de las personas indocumentadas en Cura\u00e7ao y contribuir a una pol\u00edtica migratoria m\u00e1s estructurada y preparada para el futuro.<\/p>\n<p>El Ministro de Justicia Shalten Hato destac\u00f3:<\/p>\n<p>\u201cCon Rib\u2019e Lug\u00e1 damos un paso importante hacia un mayor orden y claridad, pero sobre todo hacia la humanidad. Estamos dando a las personas que ya forman parte de nuestra sociedad la oportunidad de regularizar su situaci\u00f3n de manera justa y transparente. Con el lanzamiento del sitio web, adem\u00e1s hacemos que el proceso sea accesible para todos. Nos complace ver que apenas unos minutos despu\u00e9s de la puesta en marcha del sitio web, ya exist\u00eda un gran inter\u00e9s en el programa de legalizaci\u00f3n.\u201d<\/p>\n<p>Para calificar, las personas deben poder demostrar que estaban presentes en Cura\u00e7ao antes del <strong>13 de noviembre de 2025<\/strong> y que a\u00fan residen aca. Adem\u00e1s, se aplican otras condiciones.<\/p>\n<p>Las personas que califican pueden registrarse a trav\u00e9s de <a href=\"http:\/\/www.ribeluga.cw\">www.ribeluga.cw<\/a>. Este sitio web contiene toda la informaci\u00f3n necesaria para presentar una solicitud de manera independiente, incluidos los requisitos, los documentos necesarios y los pasos del proceso. La informaci\u00f3n est\u00e1 disponible en cuatro idiomas para garantizar el acceso a un p\u00fablico amplio.<\/p>\n<p>El registro es posible bajo tres objetivos de residencia:<\/p>\n<ul>\n<li>Trabajo;<\/li>\n<li>Negocio propio \/ trabajo independiente;<\/li>\n<li>Reunificaci\u00f3n familiar o formaci\u00f3n familiar.<\/li>\n<\/ul>\n<p>Los ministerios invitan a todas las personas que cumplan con las condiciones a registrarse. El proceso ha sido dise\u00f1ado de manera sencilla, con especial atenci\u00f3n a los ni\u00f1os indocumentados, y la inscripci\u00f3n puede realizarse sin miedo.<\/p>\n<p>Para las personas que necesiten ayuda con la inscripci\u00f3n, habr\u00e1 apoyo disponible a trav\u00e9s de varios llamada \u201cTrusted Partners\u201d. Estas organizaciones brindar\u00e1n orientaci\u00f3n gratuita durante el proceso de registro.<\/p>\n<p>Por esta raz\u00f3n, no es necesario utilizar intermediarios para presentar una solicitud. El registro se realiza directamente a trav\u00e9s del sitio web oficial y es completamente en l\u00ednea.<\/p>\n<p>Para m\u00e1s informaci\u00f3n y registro: <a href=\"http:\/\/www.ribeluga.cw\">www.ribeluga.cw<\/a><\/p>\n<p>&nbsp;<\/p>\n","protected":false},"excerpt":{"rendered":"<p>Ramen graphical user interface stealth. Deployment buyer lean startup network effects mass market<br \/>\ntechnology angel investor holy grail conversion. Vesting period hypotheses facebook entrepreneur sales startup social media early adopters holy grail marketing market monetization. User experience series a financing rockstar innovator pitch infographic ecosystem scrum project.<\/p>\n","protected":false},"author":5,"featured_media":27756,"comment_status":"closed","ping_status":"closed","sticky":false,"template":"","format":"standard","meta":{"_acf_changed":false,"_jetpack_newsletter_access":"","_jetpack_dont_email_post_to_subs":false,"_jetpack_newsletter_tier_id":0,"_jetpack_memberships_contains_paywalled_content":false,"_jetpack_memberships_contains_paid_content":false,"footnotes":""},"categories":[126],"tags":[127],"class_list":["post-29265","post","type-post","status-publish","format-standard","has-post-thumbnail","hentry","category-toelating-es","tag-toelatingsorganisatie-es"],"acf":[],"yoast_head":"<!-- This site is optimized with the Yoast SEO plugin v28.3 - https:\/\/yoast.com\/product\/yoast-seo-wordpress\/ -->\n<title>Lanzamiento del sitio web y portal de inscripci\u00f3n del programa Rib&#039;e Lug\u00e1<\/title>\n<meta name=\"description\" content=\"El Ministerio de Justicia, en colaboraci\u00f3n con el Ministerio de Desarrollo Social, Trabajo y Bienestar, informa que\" \/>\n<meta name=\"robots\" content=\"index, follow, max-snippet:-1, max-image-preview:large, max-video-preview:-1\" \/>\n<link rel=\"canonical\" href=\"https:\/\/immigrationcur.org\/es\/lanzamiento-del-sitio-web-y-portal-de-ribe-luga\/\" \/>\n<meta property=\"og:locale\" content=\"es_ES\" \/>\n<meta property=\"og:type\" content=\"article\" \/>\n<meta property=\"og:title\" content=\"Lanzamiento del sitio web y portal de inscripci\u00f3n del programa Rib&#039;e Lug\u00e1\" \/>\n<meta property=\"og:description\" content=\"El Ministerio de Justicia, en colaboraci\u00f3n con el Ministerio de Desarrollo Social, Trabajo y Bienestar, informa que\" \/>\n<meta property=\"og:url\" content=\"https:\/\/immigrationcur.org\/es\/lanzamiento-del-sitio-web-y-portal-de-ribe-luga\/\" \/>\n<meta property=\"og:site_name\" content=\"Immigratiedienst Cura\u00e7ao\" \/>\n<meta property=\"article:published_time\" content=\"2026-05-07T13:44:13+00:00\" \/>\n<meta property=\"article:modified_time\" content=\"2026-05-07T13:50:31+00:00\" \/>\n<meta property=\"og:image\" content=\"https:\/\/immigrationcur.org\/wp-content\/uploads\/2026\/04\/Rib_e-Luga-24-e1776353739207.png\" \/>\n\t<meta property=\"og:image:width\" content=\"1786\" \/>\n\t<meta property=\"og:image:height\" content=\"806\" \/>\n\t<meta property=\"og:image:type\" content=\"image\/png\" \/>\n<meta name=\"author\" content=\"Jennifer.Ritfeld@immigrationcur.org\" \/>\n<meta name=\"twitter:card\" content=\"summary_large_image\" \/>\n<meta name=\"twitter:label1\" content=\"Escrito por\" \/>\n\t<meta name=\"twitter:data1\" content=\"Jennifer.Ritfeld@immigrationcur.org\" \/>\n\t<meta name=\"twitter:label2\" content=\"Tiempo de lectura\" \/>\n\t<meta name=\"twitter:data2\" content=\"3 minutos\" \/>\n<script type=\"application\/ld+json\" class=\"yoast-schema-graph\">{\"@context\":\"https:\\\/\\\/schema.org\",\"@graph\":[{\"@type\":\"Article\",\"@id\":\"https:\\\/\\\/immigrationcur.org\\\/es\\\/lanzamiento-del-sitio-web-y-portal-de-ribe-luga\\\/#article\",\"isPartOf\":{\"@id\":\"https:\\\/\\\/immigrationcur.org\\\/es\\\/lanzamiento-del-sitio-web-y-portal-de-ribe-luga\\\/\"},\"author\":{\"name\":\"Jennifer.Ritfeld@immigrationcur.org\",\"@id\":\"https:\\\/\\\/immigrationcur.org\\\/es\\\/#\\\/schema\\\/person\\\/0ca0ef3a0cf6d5140a69176a4a7c45e4\"},\"headline\":\"Lanzamiento del sitio web y portal de inscripci\u00f3n del programa Rib&#8217;e Lug\u00e1\",\"datePublished\":\"2026-05-07T13:44:13+00:00\",\"dateModified\":\"2026-05-07T13:50:31+00:00\",\"mainEntityOfPage\":{\"@id\":\"https:\\\/\\\/immigrationcur.org\\\/es\\\/lanzamiento-del-sitio-web-y-portal-de-ribe-luga\\\/\"},\"wordCount\":455,\"image\":{\"@id\":\"https:\\\/\\\/immigrationcur.org\\\/es\\\/lanzamiento-del-sitio-web-y-portal-de-ribe-luga\\\/#primaryimage\"},\"thumbnailUrl\":\"https:\\\/\\\/immigrationcur.org\\\/wp-content\\\/uploads\\\/2026\\\/04\\\/Rib_e-Luga-24-e1776353739207.png\",\"keywords\":[\"Toelatingsorganisatie\"],\"articleSection\":[\"Toelating\"],\"inLanguage\":\"es\"},{\"@type\":\"WebPage\",\"@id\":\"https:\\\/\\\/immigrationcur.org\\\/es\\\/lanzamiento-del-sitio-web-y-portal-de-ribe-luga\\\/\",\"url\":\"https:\\\/\\\/immigrationcur.org\\\/es\\\/lanzamiento-del-sitio-web-y-portal-de-ribe-luga\\\/\",\"name\":\"Lanzamiento del sitio web y portal de inscripci\u00f3n del programa Rib'e Lug\u00e1\",\"isPartOf\":{\"@id\":\"https:\\\/\\\/immigrationcur.org\\\/es\\\/#website\"},\"primaryImageOfPage\":{\"@id\":\"https:\\\/\\\/immigrationcur.org\\\/es\\\/lanzamiento-del-sitio-web-y-portal-de-ribe-luga\\\/#primaryimage\"},\"image\":{\"@id\":\"https:\\\/\\\/immigrationcur.org\\\/es\\\/lanzamiento-del-sitio-web-y-portal-de-ribe-luga\\\/#primaryimage\"},\"thumbnailUrl\":\"https:\\\/\\\/immigrationcur.org\\\/wp-content\\\/uploads\\\/2026\\\/04\\\/Rib_e-Luga-24-e1776353739207.png\",\"datePublished\":\"2026-05-07T13:44:13+00:00\",\"dateModified\":\"2026-05-07T13:50:31+00:00\",\"author\":{\"@id\":\"https:\\\/\\\/immigrationcur.org\\\/es\\\/#\\\/schema\\\/person\\\/0ca0ef3a0cf6d5140a69176a4a7c45e4\"},\"description\":\"El Ministerio de Justicia, en colaboraci\u00f3n con el Ministerio de Desarrollo Social, Trabajo y Bienestar, informa que\",\"breadcrumb\":{\"@id\":\"https:\\\/\\\/immigrationcur.org\\\/es\\\/lanzamiento-del-sitio-web-y-portal-de-ribe-luga\\\/#breadcrumb\"},\"inLanguage\":\"es\",\"potentialAction\":[{\"@type\":\"ReadAction\",\"target\":[\"https:\\\/\\\/immigrationcur.org\\\/es\\\/lanzamiento-del-sitio-web-y-portal-de-ribe-luga\\\/\"]}]},{\"@type\":\"ImageObject\",\"inLanguage\":\"es\",\"@id\":\"https:\\\/\\\/immigrationcur.org\\\/es\\\/lanzamiento-del-sitio-web-y-portal-de-ribe-luga\\\/#primaryimage\",\"url\":\"https:\\\/\\\/immigrationcur.org\\\/wp-content\\\/uploads\\\/2026\\\/04\\\/Rib_e-Luga-24-e1776353739207.png\",\"contentUrl\":\"https:\\\/\\\/immigrationcur.org\\\/wp-content\\\/uploads\\\/2026\\\/04\\\/Rib_e-Luga-24-e1776353739207.png\",\"width\":1786,\"height\":806},{\"@type\":\"BreadcrumbList\",\"@id\":\"https:\\\/\\\/immigrationcur.org\\\/es\\\/lanzamiento-del-sitio-web-y-portal-de-ribe-luga\\\/#breadcrumb\",\"itemListElement\":[{\"@type\":\"ListItem\",\"position\":1,\"name\":\"Inicio\",\"item\":\"https:\\\/\\\/immigrationcur.org\\\/es\\\/\"},{\"@type\":\"ListItem\",\"position\":2,\"name\":\"Lanzamiento del sitio web y portal de inscripci\u00f3n del programa Rib&#8217;e Lug\u00e1\"}]},{\"@type\":\"WebSite\",\"@id\":\"https:\\\/\\\/immigrationcur.org\\\/es\\\/#website\",\"url\":\"https:\\\/\\\/immigrationcur.org\\\/es\\\/\",\"name\":\"Immigratiedienst Cura\u00e7ao\",\"description\":\"De Toelatingsorganisatie (TO) behandelt aanvragen van personen die zich voor een korte of langere periode op Cura\u00e7ao willen verblijven.\",\"potentialAction\":[{\"@type\":\"SearchAction\",\"target\":{\"@type\":\"EntryPoint\",\"urlTemplate\":\"https:\\\/\\\/immigrationcur.org\\\/es\\\/?s={search_term_string}\"},\"query-input\":{\"@type\":\"PropertyValueSpecification\",\"valueRequired\":true,\"valueName\":\"search_term_string\"}}],\"inLanguage\":\"es\"},{\"@type\":\"Person\",\"@id\":\"https:\\\/\\\/immigrationcur.org\\\/es\\\/#\\\/schema\\\/person\\\/0ca0ef3a0cf6d5140a69176a4a7c45e4\",\"name\":\"Jennifer.Ritfeld@immigrationcur.org\",\"image\":{\"@type\":\"ImageObject\",\"inLanguage\":\"es\",\"@id\":\"https:\\\/\\\/secure.gravatar.com\\\/avatar\\\/3ef188cbfb5acd440c97597ea31f5ab9f49874ee2fb2bc08c09142e5f17b7d8c?s=96&d=mm&r=g\",\"url\":\"https:\\\/\\\/secure.gravatar.com\\\/avatar\\\/3ef188cbfb5acd440c97597ea31f5ab9f49874ee2fb2bc08c09142e5f17b7d8c?s=96&d=mm&r=g\",\"contentUrl\":\"https:\\\/\\\/secure.gravatar.com\\\/avatar\\\/3ef188cbfb5acd440c97597ea31f5ab9f49874ee2fb2bc08c09142e5f17b7d8c?s=96&d=mm&r=g\",\"caption\":\"Jennifer.Ritfeld@immigrationcur.org\"},\"url\":\"https:\\\/\\\/immigrationcur.org\\\/es\\\/author\\\/jennifer-ritfeldimmigrationcur-org\\\/\"}]}<\/script>\n<!-- \/ Yoast SEO plugin. -->","yoast_head_json":{"title":"Lanzamiento del sitio web y portal de inscripci\u00f3n del programa Rib'e Lug\u00e1","description":"El Ministerio de Justicia, en colaboraci\u00f3n con el Ministerio de Desarrollo Social, Trabajo y Bienestar, informa que","robots":{"index":"index","follow":"follow","max-snippet":"max-snippet:-1","max-image-preview":"max-image-preview:large","max-video-preview":"max-video-preview:-1"},"canonical":"https:\/\/immigrationcur.org\/es\/lanzamiento-del-sitio-web-y-portal-de-ribe-luga\/","og_locale":"es_ES","og_type":"article","og_title":"Lanzamiento del sitio web y portal de inscripci\u00f3n del programa Rib'e Lug\u00e1","og_description":"El Ministerio de Justicia, en colaboraci\u00f3n con el Ministerio de Desarrollo Social, Trabajo y Bienestar, informa que","og_url":"https:\/\/immigrationcur.org\/es\/lanzamiento-del-sitio-web-y-portal-de-ribe-luga\/","og_site_name":"Immigratiedienst Cura\u00e7ao","article_published_time":"2026-05-07T13:44:13+00:00","article_modified_time":"2026-05-07T13:50:31+00:00","og_image":[{"width":1786,"height":806,"url":"https:\/\/immigrationcur.org\/wp-content\/uploads\/2026\/04\/Rib_e-Luga-24-e1776353739207.png","type":"image\/png"}],"author":"Jennifer.Ritfeld@immigrationcur.org","twitter_card":"summary_large_image","twitter_misc":{"Escrito por":"Jennifer.Ritfeld@immigrationcur.org","Tiempo de lectura":"3 minutos"},"schema":{"@context":"https:\/\/schema.org","@graph":[{"@type":"Article","@id":"https:\/\/immigrationcur.org\/es\/lanzamiento-del-sitio-web-y-portal-de-ribe-luga\/#article","isPartOf":{"@id":"https:\/\/immigrationcur.org\/es\/lanzamiento-del-sitio-web-y-portal-de-ribe-luga\/"},"author":{"name":"Jennifer.Ritfeld@immigrationcur.org","@id":"https:\/\/immigrationcur.org\/es\/#\/schema\/person\/0ca0ef3a0cf6d5140a69176a4a7c45e4"},"headline":"Lanzamiento del sitio web y portal de inscripci\u00f3n del programa Rib&#8217;e Lug\u00e1","datePublished":"2026-05-07T13:44:13+00:00","dateModified":"2026-05-07T13:50:31+00:00","mainEntityOfPage":{"@id":"https:\/\/immigrationcur.org\/es\/lanzamiento-del-sitio-web-y-portal-de-ribe-luga\/"},"wordCount":455,"image":{"@id":"https:\/\/immigrationcur.org\/es\/lanzamiento-del-sitio-web-y-portal-de-ribe-luga\/#primaryimage"},"thumbnailUrl":"https:\/\/immigrationcur.org\/wp-content\/uploads\/2026\/04\/Rib_e-Luga-24-e1776353739207.png","keywords":["Toelatingsorganisatie"],"articleSection":["Toelating"],"inLanguage":"es"},{"@type":"WebPage","@id":"https:\/\/immigrationcur.org\/es\/lanzamiento-del-sitio-web-y-portal-de-ribe-luga\/","url":"https:\/\/immigrationcur.org\/es\/lanzamiento-del-sitio-web-y-portal-de-ribe-luga\/","name":"Lanzamiento del sitio web y portal de inscripci\u00f3n del programa Rib'e Lug\u00e1","isPartOf":{"@id":"https:\/\/immigrationcur.org\/es\/#website"},"primaryImageOfPage":{"@id":"https:\/\/immigrationcur.org\/es\/lanzamiento-del-sitio-web-y-portal-de-ribe-luga\/#primaryimage"},"image":{"@id":"https:\/\/immigrationcur.org\/es\/lanzamiento-del-sitio-web-y-portal-de-ribe-luga\/#primaryimage"},"thumbnailUrl":"https:\/\/immigrationcur.org\/wp-content\/uploads\/2026\/04\/Rib_e-Luga-24-e1776353739207.png","datePublished":"2026-05-07T13:44:13+00:00","dateModified":"2026-05-07T13:50:31+00:00","author":{"@id":"https:\/\/immigrationcur.org\/es\/#\/schema\/person\/0ca0ef3a0cf6d5140a69176a4a7c45e4"},"description":"El Ministerio de Justicia, en colaboraci\u00f3n con el Ministerio de Desarrollo Social, Trabajo y Bienestar, informa que","breadcrumb":{"@id":"https:\/\/immigrationcur.org\/es\/lanzamiento-del-sitio-web-y-portal-de-ribe-luga\/#breadcrumb"},"inLanguage":"es","potentialAction":[{"@type":"ReadAction","target":["https:\/\/immigrationcur.org\/es\/lanzamiento-del-sitio-web-y-portal-de-ribe-luga\/"]}]},{"@type":"ImageObject","inLanguage":"es","@id":"https:\/\/immigrationcur.org\/es\/lanzamiento-del-sitio-web-y-portal-de-ribe-luga\/#primaryimage","url":"https:\/\/immigrationcur.org\/wp-content\/uploads\/2026\/04\/Rib_e-Luga-24-e1776353739207.png","contentUrl":"https:\/\/immigrationcur.org\/wp-content\/uploads\/2026\/04\/Rib_e-Luga-24-e1776353739207.png","width":1786,"height":806},{"@type":"BreadcrumbList","@id":"https:\/\/immigrationcur.org\/es\/lanzamiento-del-sitio-web-y-portal-de-ribe-luga\/#breadcrumb","itemListElement":[{"@type":"ListItem","position":1,"name":"Inicio","item":"https:\/\/immigrationcur.org\/es\/"},{"@type":"ListItem","position":2,"name":"Lanzamiento del sitio web y portal de inscripci\u00f3n del programa Rib&#8217;e Lug\u00e1"}]},{"@type":"WebSite","@id":"https:\/\/immigrationcur.org\/es\/#website","url":"https:\/\/immigrationcur.org\/es\/","name":"Immigratiedienst Cura\u00e7ao","description":"De Toelatingsorganisatie (TO) behandelt aanvragen van personen die zich voor een korte of langere periode op Cura\u00e7ao willen verblijven.","potentialAction":[{"@type":"SearchAction","target":{"@type":"EntryPoint","urlTemplate":"https:\/\/immigrationcur.org\/es\/?s={search_term_string}"},"query-input":{"@type":"PropertyValueSpecification","valueRequired":true,"valueName":"search_term_string"}}],"inLanguage":"es"},{"@type":"Person","@id":"https:\/\/immigrationcur.org\/es\/#\/schema\/person\/0ca0ef3a0cf6d5140a69176a4a7c45e4","name":"Jennifer.Ritfeld@immigrationcur.org","image":{"@type":"ImageObject","inLanguage":"es","@id":"https:\/\/secure.gravatar.com\/avatar\/3ef188cbfb5acd440c97597ea31f5ab9f49874ee2fb2bc08c09142e5f17b7d8c?s=96&d=mm&r=g","url":"https:\/\/secure.gravatar.com\/avatar\/3ef188cbfb5acd440c97597ea31f5ab9f49874ee2fb2bc08c09142e5f17b7d8c?s=96&d=mm&r=g","contentUrl":"https:\/\/secure.gravatar.com\/avatar\/3ef188cbfb5acd440c97597ea31f5ab9f49874ee2fb2bc08c09142e5f17b7d8c?s=96&d=mm&r=g","caption":"Jennifer.Ritfeld@immigrationcur.org"},"url":"https:\/\/immigrationcur.org\/es\/author\/jennifer-ritfeldimmigrationcur-org\/"}]}},"jetpack_sharing_enabled":true,"jetpack_featured_media_url":"https:\/\/immigrationcur.org\/wp-content\/uploads\/2026\/04\/Rib_e-Luga-24-e1776353739207.png","_links":{"self":[{"href":"https:\/\/immigrationcur.org\/es\/wp-json\/wp\/v2\/posts\/29265","targetHints":{"allow":["GET"]}}],"collection":[{"href":"https:\/\/immigrationcur.org\/es\/wp-json\/wp\/v2\/posts"}],"about":[{"href":"https:\/\/immigrationcur.org\/es\/wp-json\/wp\/v2\/types\/post"}],"author":[{"embeddable":true,"href":"https:\/\/immigrationcur.org\/es\/wp-json\/wp\/v2\/users\/5"}],"replies":[{"embeddable":true,"href":"https:\/\/immigrationcur.org\/es\/wp-json\/wp\/v2\/comments?post=29265"}],"version-history":[{"count":3,"href":"https:\/\/immigrationcur.org\/es\/wp-json\/wp\/v2\/posts\/29265\/revisions"}],"predecessor-version":[{"id":29277,"href":"https:\/\/immigrationcur.org\/es\/wp-json\/wp\/v2\/posts\/29265\/revisions\/29277"}],"wp:featuredmedia":[{"embeddable":true,"href":"https:\/\/immigrationcur.org\/es\/wp-json\/wp\/v2\/media\/27756"}],"wp:attachment":[{"href":"https:\/\/immigrationcur.org\/es\/wp-json\/wp\/v2\/media?parent=29265"}],"wp:term":[{"taxonomy":"category","embeddable":true,"href":"https:\/\/immigrationcur.org\/es\/wp-json\/wp\/v2\/categories?post=29265"},{"taxonomy":"post_tag","embeddable":true,"href":"https:\/\/immigrationcur.org\/es\/wp-json\/wp\/v2\/tags?post=29265"}],"curies":[{"name":"wp","href":"https:\/\/api.w.org\/{rel}","templated":true}]}}